{"id":106,"date":"2006-12-03T10:38:00","date_gmt":"2006-12-03T10:38:00","guid":{"rendered":"http:\/\/palo.se\/blog\/?p=106"},"modified":"2006-12-03T10:38:00","modified_gmt":"2006-12-03T10:38:00","slug":"efter-vinter-kommer","status":"publish","type":"post","link":"http:\/\/palo.se\/blog\/?p=106","title":{"rendered":"Efter vinter kommer&#8230;"},"content":{"rendered":"<p>Nu har v\u00e4dret varit h\u00f6stlikt i flera veckor&#8230; dock e det sk\u00f6nt att man senaste vecka iaf har f\u00e5tt se solen ibland.<br \/>Den d\u00e4r julk\u00e4nslan som man redan borde ha har inte riktigt infunnit sig \u00e4ven om vi bakade pepparkakor och lussebullar ig\u00e5r. Det blev \u00e4ven en pepparkaksborg&#8230;<\/p>\n<p><a onblur=\"try {parent.deselectBloggerImageGracefully();} catch(e) {}\" href=\"http:\/\/palo.se\/pics\/blogg36.jpg\"><img decoding=\"async\" style=\"margin: 0px auto 10px; display: block; text-align: center; cursor: pointer; width: 320px;\" src=\"http:\/\/palo.se\/pics\/blogg36.jpg\" alt=\"\" border=\"0\" \/><\/a><br \/>Senare idag ska man v\u00e4l ta och julpynta lite&#8230; Eller inte jag, det blir Stina som g\u00f6r det.<\/p>\n","protected":false},"excerpt":{"rendered":"<p>Nu har v\u00e4dret varit h\u00f6stlikt i flera veckor&#8230; dock e det sk\u00f6nt att man senaste vecka iaf har f\u00e5tt se solen ibland.Den d\u00e4r julk\u00e4nslan som man redan borde ha har inte riktigt infunnit sig \u00e4ven om vi bakade pepparkakor och lussebullar ig\u00e5r. Det blev \u00e4ven en pepparkaksborg&#8230; Senare idag ska man v\u00e4l ta och julpynta &hellip; <a href=\"http:\/\/palo.se\/blog\/?p=106\" class=\"more-link\">Continue reading <span class=\"screen-reader-text\">Efter vinter kommer&#8230;<\/span> <span class=\"meta-nav\">&rarr;<\/span><\/a><\/p>\n","protected":false},"author":1,"featured_media":0,"comment_status":"open","ping_status":"open","sticky":false,"template":"","format":"standard","meta":{"footnotes":""},"categories":[],"tags":[4,5],"class_list":["post-106","post","type-post","status-publish","format-standard","hentry","tag-bilder","tag-fritid"],"_links":{"self":[{"href":"http:\/\/palo.se\/blog\/index.php?rest_route=\/wp\/v2\/posts\/106","targetHints":{"allow":["GET"]}}],"collection":[{"href":"http:\/\/palo.se\/blog\/index.php?rest_route=\/wp\/v2\/posts"}],"about":[{"href":"http:\/\/palo.se\/blog\/index.php?rest_route=\/wp\/v2\/types\/post"}],"author":[{"embeddable":true,"href":"http:\/\/palo.se\/blog\/index.php?rest_route=\/wp\/v2\/users\/1"}],"replies":[{"embeddable":true,"href":"http:\/\/palo.se\/blog\/index.php?rest_route=%2Fwp%2Fv2%2Fcomments&post=106"}],"version-history":[{"count":0,"href":"http:\/\/palo.se\/blog\/index.php?rest_route=\/wp\/v2\/posts\/106\/revisions"}],"wp:attachment":[{"href":"http:\/\/palo.se\/blog\/index.php?rest_route=%2Fwp%2Fv2%2Fmedia&parent=106"}],"wp:term":[{"taxonomy":"category","embeddable":true,"href":"http:\/\/palo.se\/blog\/index.php?rest_route=%2Fwp%2Fv2%2Fcategories&post=106"},{"taxonomy":"post_tag","embeddable":true,"href":"http:\/\/palo.se\/blog\/index.php?rest_route=%2Fwp%2Fv2%2Ftags&post=106"}],"curies":[{"name":"wp","href":"https:\/\/api.w.org\/{rel}","templated":true}]}}