{"id":137,"date":"2007-03-05T09:36:00","date_gmt":"2007-03-05T09:36:00","guid":{"rendered":"http:\/\/palo.se\/blog\/?p=137"},"modified":"2007-03-05T09:36:00","modified_gmt":"2007-03-05T09:36:00","slug":"utbildning-i-borlange","status":"publish","type":"post","link":"http:\/\/palo.se\/blog\/?p=137","title":{"rendered":"Utbildning i Borl\u00e4nge!"},"content":{"rendered":"<p>Under mitt samtal med NCC i torsdags best\u00e4mde vi att jag skulle g\u00e5 en kurs i hur asfaltsl\u00e4ggning fungerar. Detta g\u00f6r visserligen att jag kommer att missa tillf\u00e4lle att skriva vissa omtentor men det e n\u00e4stan sm\u00e4llar man f\u00e5r ta f\u00f6r att det ska bli l\u00e4ttare med ex-jobbet. Omtentorna kan jag nog l\u00f6sa s\u00e5 att jag kan skriva dessa vid ett annat tillf\u00e4lle.<\/p>\n<p>Dock ska jag kunna skriva nationalekonomin och innan det skall jag upp och prata med hon som skriver tentan f\u00f6r att g\u00e5 igenom vad jag har gjort f\u00f6r fel tidigare. Kanske att jag denna g\u00e5ng kan lyckas att skriva p\u00e5 det s\u00e4tt som hon vill. Hoppas att detta kan g\u00f6ra att det g\u00e5r v\u00e4gen.<\/p>\n<p>Exakt vad jag skall skriva mitt ex-jobb om \u00e4r \u00e4nnu inte f\u00e4rdigt men jag vet att jag skall g\u00f6ra det och att det blir p\u00e5 NCC. P\u00e5 v\u00e4gen hem fr\u00e5n utbildningen skall jag och min &#8220;nya&#8221; chef snacka mer om tidplaner och s\u00e4kerligen om vad jag skall g\u00f6ra. D\u00e5 t\u00e4nkte jag att ha ett utkast till hur min projektplan skall se ut, inte f\u00f6r att den kommer att vara f\u00e4rdig d\u00e5 men jag m\u00e5ste ju ha n\u00e5t att komma med s\u00e5 att det blir en diskussion. Det k\u00e4ndes \u00e4ven som om chefen ville att jag skulle h\u00e5lla p\u00e5 l\u00e4ngre \u00e4n de 20 veckor som man egentligen skall l\u00e4gga ner p\u00e5 det, och det k\u00e4nns ju bra f\u00f6r att kunna f\u00e5 en anst\u00e4llning och forts\u00e4tta med projektet efter det att jag e f\u00e4rdig med ex-jobbet. Jag kommer ju troligen veta v\u00e4ldigt mycket om hur det g\u00e5r att anv\u00e4nda st\u00e5lslagg i asfalt.<\/p>\n","protected":false},"excerpt":{"rendered":"<p>Under mitt samtal med NCC i torsdags best\u00e4mde vi att jag skulle g\u00e5 en kurs i hur asfaltsl\u00e4ggning fungerar. Detta g\u00f6r visserligen att jag kommer att missa tillf\u00e4lle att skriva vissa omtentor men det e n\u00e4stan sm\u00e4llar man f\u00e5r ta f\u00f6r att det ska bli l\u00e4ttare med ex-jobbet. Omtentorna kan jag nog l\u00f6sa s\u00e5 att &hellip; <a href=\"http:\/\/palo.se\/blog\/?p=137\" class=\"more-link\">Continue reading <span class=\"screen-reader-text\">Utbildning i Borl\u00e4nge!<\/span> <span class=\"meta-nav\">&rarr;<\/span><\/a><\/p>\n","protected":false},"author":1,"featured_media":0,"comment_status":"open","ping_status":"open","sticky":false,"template":"","format":"standard","meta":{"footnotes":""},"categories":[],"tags":[10,3],"class_list":["post-137","post","type-post","status-publish","format-standard","hentry","tag-ex-jobb","tag-skola"],"_links":{"self":[{"href":"http:\/\/palo.se\/blog\/index.php?rest_route=\/wp\/v2\/posts\/137","targetHints":{"allow":["GET"]}}],"collection":[{"href":"http:\/\/palo.se\/blog\/index.php?rest_route=\/wp\/v2\/posts"}],"about":[{"href":"http:\/\/palo.se\/blog\/index.php?rest_route=\/wp\/v2\/types\/post"}],"author":[{"embeddable":true,"href":"http:\/\/palo.se\/blog\/index.php?rest_route=\/wp\/v2\/users\/1"}],"replies":[{"embeddable":true,"href":"http:\/\/palo.se\/blog\/index.php?rest_route=%2Fwp%2Fv2%2Fcomments&post=137"}],"version-history":[{"count":0,"href":"http:\/\/palo.se\/blog\/index.php?rest_route=\/wp\/v2\/posts\/137\/revisions"}],"wp:attachment":[{"href":"http:\/\/palo.se\/blog\/index.php?rest_route=%2Fwp%2Fv2%2Fmedia&parent=137"}],"wp:term":[{"taxonomy":"category","embeddable":true,"href":"http:\/\/palo.se\/blog\/index.php?rest_route=%2Fwp%2Fv2%2Fcategories&post=137"},{"taxonomy":"post_tag","embeddable":true,"href":"http:\/\/palo.se\/blog\/index.php?rest_route=%2Fwp%2Fv2%2Ftags&post=137"}],"curies":[{"name":"wp","href":"https:\/\/api.w.org\/{rel}","templated":true}]}}