{"id":138,"date":"2007-03-07T16:33:00","date_gmt":"2007-03-07T16:33:00","guid":{"rendered":"http:\/\/palo.se\/blog\/?p=138"},"modified":"2007-03-07T16:33:00","modified_gmt":"2007-03-07T16:33:00","slug":"lite-bilder-fran-helgen","status":"publish","type":"post","link":"http:\/\/palo.se\/blog\/?p=138","title":{"rendered":"Lite bilder fr\u00e5n helgen"},"content":{"rendered":"<div style=\"text-align: center;\"><a onblur=\"try {parent.deselectBloggerImageGracefully();} catch(e) {}\" href=\"http:\/\/palo.se\/pics\/blogg57.jpg\"><img decoding=\"async\" style=\"margin: 0px auto 10px; display: block; text-align: center; cursor: pointer; width: 320px;\" src=\"http:\/\/palo.se\/pics\/blogg57.jpg\" alt=\"\" border=\"0\" \/><\/a>En vinterbild p\u00e5 stugan.<\/div>\n<div style=\"text-align: center;\"><a onblur=\"try {parent.deselectBloggerImageGracefully();} catch(e) {}\" href=\"http:\/\/palo.se\/pics\/blogg58.jpg\"><img decoding=\"async\" style=\"margin: 0px auto 10px; display: block; text-align: center; cursor: pointer; width: 320px;\" src=\"http:\/\/palo.se\/pics\/blogg58.jpg\" alt=\"\" border=\"0\" \/><\/a>Sten och jag hj\u00e4lper Leif att ta k\u00f6ra traktorn \u00f6ver isen.<\/div>\n<div style=\"text-align: center;\"><a onblur=\"try {parent.deselectBloggerImageGracefully();} catch(e) {}\" href=\"http:\/\/palo.se\/pics\/blogg59.jpg\"><img decoding=\"async\" style=\"margin: 0px auto 10px; display: block; text-align: center; cursor: pointer; width: 320px;\" src=\"http:\/\/palo.se\/pics\/blogg59.jpg\" alt=\"\" border=\"0\" \/><\/a>William har k\u00f6rt fast med skotern.<\/div>\n<p><a onblur=\"try {parent.deselectBloggerImageGracefully();} catch(e) {}\" href=\"http:\/\/palo.se\/pics\/blogg60.jpg\"><img decoding=\"async\" style=\"margin: 0px auto 10px; display: block; text-align: center; cursor: pointer; width: 320px;\" src=\"http:\/\/palo.se\/pics\/blogg60.jpg\" alt=\"\" border=\"0\" \/><\/a>Jag och William k\u00f6r ikapp. Han p\u00e5 skoter och jag p\u00e5 snowboard.<\/p>\n","protected":false},"excerpt":{"rendered":"<p>En vinterbild p\u00e5 stugan. Sten och jag hj\u00e4lper Leif att ta k\u00f6ra traktorn \u00f6ver isen. William har k\u00f6rt fast med skotern. Jag och William k\u00f6r ikapp. Han p\u00e5 skoter och jag p\u00e5 snowboard.<\/p>\n","protected":false},"author":1,"featured_media":0,"comment_status":"open","ping_status":"open","sticky":false,"template":"","format":"standard","meta":{"footnotes":""},"categories":[],"tags":[4,11],"class_list":["post-138","post","type-post","status-publish","format-standard","hentry","tag-bilder","tag-buskon"],"_links":{"self":[{"href":"http:\/\/palo.se\/blog\/index.php?rest_route=\/wp\/v2\/posts\/138","targetHints":{"allow":["GET"]}}],"collection":[{"href":"http:\/\/palo.se\/blog\/index.php?rest_route=\/wp\/v2\/posts"}],"about":[{"href":"http:\/\/palo.se\/blog\/index.php?rest_route=\/wp\/v2\/types\/post"}],"author":[{"embeddable":true,"href":"http:\/\/palo.se\/blog\/index.php?rest_route=\/wp\/v2\/users\/1"}],"replies":[{"embeddable":true,"href":"http:\/\/palo.se\/blog\/index.php?rest_route=%2Fwp%2Fv2%2Fcomments&post=138"}],"version-history":[{"count":0,"href":"http:\/\/palo.se\/blog\/index.php?rest_route=\/wp\/v2\/posts\/138\/revisions"}],"wp:attachment":[{"href":"http:\/\/palo.se\/blog\/index.php?rest_route=%2Fwp%2Fv2%2Fmedia&parent=138"}],"wp:term":[{"taxonomy":"category","embeddable":true,"href":"http:\/\/palo.se\/blog\/index.php?rest_route=%2Fwp%2Fv2%2Fcategories&post=138"},{"taxonomy":"post_tag","embeddable":true,"href":"http:\/\/palo.se\/blog\/index.php?rest_route=%2Fwp%2Fv2%2Ftags&post=138"}],"curies":[{"name":"wp","href":"https:\/\/api.w.org\/{rel}","templated":true}]}}