{"id":164,"date":"2007-05-12T08:18:00","date_gmt":"2007-05-12T08:18:00","guid":{"rendered":"http:\/\/palo.se\/blog\/?p=164"},"modified":"2007-05-12T08:18:00","modified_gmt":"2007-05-12T08:18:00","slug":"stada-packa-osv","status":"publish","type":"post","link":"http:\/\/palo.se\/blog\/?p=164","title":{"rendered":"St\u00e4da, packa osv."},"content":{"rendered":"<p>Nu m\u00e5ste man b\u00f6rja f\u00f6rbereda sig inf\u00f6r resan till USA. Det \u00e4r ju en del att t\u00e4nka igenom innan man packar ner det. Vi ska p\u00e5 bachelor\/-ett party, rehearsaldinner, br\u00f6llop, brunch och kommer att avslutas med en middag med min v\u00e4rdmamma fr\u00e5n d\u00e5 jag bodde i USA. Till dessa tillf\u00e4llen m\u00e5ste man ha olika kl\u00e4der och g\u00e4rna vara n\u00e5got lite uppkl\u00e4dd. Det g\u00f6rs ju inte b\u00e4ttre av att vi inte vet vilken typ av kl\u00e4der som r\u00e4knas som uppkl\u00e4tt och inte, men det ska nog l\u00f6sa sig till det b\u00e4ttre.<br \/>  Dock innan vi b\u00f6rjar packa ihop allting m\u00e5ste vi st\u00e4da igenom l\u00e4genheten eftersom att vi har haft ett par katter h\u00e4r som har h\u00e5rat ner en hel del. Vilket \u00e4ven har gjort att vi inte har gjort v\u00e5rst\u00e4dningen \u00e4n. Det kommer att bli en intressant vecka.<\/p>\n<p>Som avslutas med att mina f\u00f6r\u00e4ldrar kommer upp till Av4ningen som \u00e4r l\u00f6rdagen innan avresa \u00e4r trevligt. En sista fest som student d\u00e4r jag kommer att anv\u00e4nda min frack. Som avslutning kommer stina och jag att \u00e5ka med mina f\u00f6r\u00e4ldrar ner mot arlanda f\u00f6r att ha n\u00e4rmare tills d\u00e5 flyget g\u00e5r.<\/p>\n","protected":false},"excerpt":{"rendered":"<p>Nu m\u00e5ste man b\u00f6rja f\u00f6rbereda sig inf\u00f6r resan till USA. Det \u00e4r ju en del att t\u00e4nka igenom innan man packar ner det. Vi ska p\u00e5 bachelor\/-ett party, rehearsaldinner, br\u00f6llop, brunch och kommer att avslutas med en middag med min v\u00e4rdmamma fr\u00e5n d\u00e5 jag bodde i USA. Till dessa tillf\u00e4llen m\u00e5ste man ha olika kl\u00e4der &hellip; <a href=\"http:\/\/palo.se\/blog\/?p=164\" class=\"more-link\">Continue reading <span class=\"screen-reader-text\">St\u00e4da, packa osv.<\/span> <span class=\"meta-nav\">&rarr;<\/span><\/a><\/p>\n","protected":false},"author":1,"featured_media":0,"comment_status":"open","ping_status":"open","sticky":false,"template":"","format":"standard","meta":{"footnotes":""},"categories":[],"tags":[5,8,7],"class_list":["post-164","post","type-post","status-publish","format-standard","hentry","tag-fritid","tag-hemma","tag-usa"],"_links":{"self":[{"href":"http:\/\/palo.se\/blog\/index.php?rest_route=\/wp\/v2\/posts\/164","targetHints":{"allow":["GET"]}}],"collection":[{"href":"http:\/\/palo.se\/blog\/index.php?rest_route=\/wp\/v2\/posts"}],"about":[{"href":"http:\/\/palo.se\/blog\/index.php?rest_route=\/wp\/v2\/types\/post"}],"author":[{"embeddable":true,"href":"http:\/\/palo.se\/blog\/index.php?rest_route=\/wp\/v2\/users\/1"}],"replies":[{"embeddable":true,"href":"http:\/\/palo.se\/blog\/index.php?rest_route=%2Fwp%2Fv2%2Fcomments&post=164"}],"version-history":[{"count":0,"href":"http:\/\/palo.se\/blog\/index.php?rest_route=\/wp\/v2\/posts\/164\/revisions"}],"wp:attachment":[{"href":"http:\/\/palo.se\/blog\/index.php?rest_route=%2Fwp%2Fv2%2Fmedia&parent=164"}],"wp:term":[{"taxonomy":"category","embeddable":true,"href":"http:\/\/palo.se\/blog\/index.php?rest_route=%2Fwp%2Fv2%2Fcategories&post=164"},{"taxonomy":"post_tag","embeddable":true,"href":"http:\/\/palo.se\/blog\/index.php?rest_route=%2Fwp%2Fv2%2Ftags&post=164"}],"curies":[{"name":"wp","href":"https:\/\/api.w.org\/{rel}","templated":true}]}}