{"id":179,"date":"2007-06-26T07:36:00","date_gmt":"2007-06-26T07:36:00","guid":{"rendered":"http:\/\/palo.se\/blog\/?p=179"},"modified":"2007-06-26T07:36:00","modified_gmt":"2007-06-26T07:36:00","slug":"bilder-fran-i-helgen","status":"publish","type":"post","link":"http:\/\/palo.se\/blog\/?p=179","title":{"rendered":"Bilder fr\u00e5n i helgen"},"content":{"rendered":"<p>H\u00e4r kommer en fin bild fr\u00e5n i helgen d\u00e5 vi hade v\u00e4ldigt trevligt v\u00e4der i stugan.<\/p>\n<div style=\"text-align: center;\"><a href=\"http:\/\/picasaweb.google.com\/mikael.palo\/BuskN\/photo#5080110074758704546\"><img decoding=\"async\" src=\"http:\/\/lh3.google.com\/image\/mikael.palo\/RoAtMongLaI\/AAAAAAAAA2g\/EumcDkAYSog\/s288\/DSC_0105.JPG\" \/><\/a><\/div>\n<div style=\"text-align: center;\">Edwin \u00e4r och kl\u00e4ttrat p\u00e5 fyren.<\/div>\n","protected":false},"excerpt":{"rendered":"<p>H\u00e4r kommer en fin bild fr\u00e5n i helgen d\u00e5 vi hade v\u00e4ldigt trevligt v\u00e4der i stugan. Edwin \u00e4r och kl\u00e4ttrat p\u00e5 fyren.<\/p>\n","protected":false},"author":1,"featured_media":0,"comment_status":"open","ping_status":"open","sticky":false,"template":"","format":"standard","meta":{"footnotes":""},"categories":[],"tags":[4,11],"class_list":["post-179","post","type-post","status-publish","format-standard","hentry","tag-bilder","tag-buskon"],"_links":{"self":[{"href":"http:\/\/palo.se\/blog\/index.php?rest_route=\/wp\/v2\/posts\/179","targetHints":{"allow":["GET"]}}],"collection":[{"href":"http:\/\/palo.se\/blog\/index.php?rest_route=\/wp\/v2\/posts"}],"about":[{"href":"http:\/\/palo.se\/blog\/index.php?rest_route=\/wp\/v2\/types\/post"}],"author":[{"embeddable":true,"href":"http:\/\/palo.se\/blog\/index.php?rest_route=\/wp\/v2\/users\/1"}],"replies":[{"embeddable":true,"href":"http:\/\/palo.se\/blog\/index.php?rest_route=%2Fwp%2Fv2%2Fcomments&post=179"}],"version-history":[{"count":0,"href":"http:\/\/palo.se\/blog\/index.php?rest_route=\/wp\/v2\/posts\/179\/revisions"}],"wp:attachment":[{"href":"http:\/\/palo.se\/blog\/index.php?rest_route=%2Fwp%2Fv2%2Fmedia&parent=179"}],"wp:term":[{"taxonomy":"category","embeddable":true,"href":"http:\/\/palo.se\/blog\/index.php?rest_route=%2Fwp%2Fv2%2Fcategories&post=179"},{"taxonomy":"post_tag","embeddable":true,"href":"http:\/\/palo.se\/blog\/index.php?rest_route=%2Fwp%2Fv2%2Ftags&post=179"}],"curies":[{"name":"wp","href":"https:\/\/api.w.org\/{rel}","templated":true}]}}