{"id":182,"date":"2007-07-02T10:40:00","date_gmt":"2007-07-02T10:40:00","guid":{"rendered":"http:\/\/palo.se\/blog\/?p=182"},"modified":"2007-07-02T10:40:00","modified_gmt":"2007-07-02T10:40:00","slug":"att-bli-aldre","status":"publish","type":"post","link":"http:\/\/palo.se\/blog\/?p=182","title":{"rendered":"Att bli \u00e4ldre"},"content":{"rendered":"<p>Imorgon kommer jag att bli ett \u00e5r \u00e4ldre. Fast egentligen inte eftersom att jag bara kan bli en dag \u00e4ldre, men det \u00e4r v\u00e4l s\u00e5 att jag ska ha levt ett \u00e5r l\u00e4ngre \u00e4n innan nu. Jag hoppas att det l\u00f6ser sig p\u00e5 n\u00e5got s\u00e4tt. Dock bara f\u00f6r att man fyller \u00e5r betyder inte det att det blir lugnt och sk\u00f6nt eftersom att jag m\u00e5ste forts\u00e4tta och skriva p\u00e5 mitt examensarbete. Detta f\u00f6r att kunna ta ut en examen under h\u00f6sten.  Sen m\u00e5ste man ju \u00e4ven kolla s\u00e5 att det \u00e4r rent och snyggt i l\u00e4genheten, vilket inte \u00e4r det roligaste egentligen men det \u00e4r s\u00e5nt som m\u00e5ste g\u00f6ras.<\/p>\n<p>F\u00f6r er som vet n\u00e5t s\u00e5 blir det fika h\u00e4r imorgon, tisdag, kl 18.<\/p>\n<p>Nu blir det att \u00e5terg\u00e5 till skrivande och l\u00e4sande ett tag&#8230;<\/p>\n","protected":false},"excerpt":{"rendered":"<p>Imorgon kommer jag att bli ett \u00e5r \u00e4ldre. Fast egentligen inte eftersom att jag bara kan bli en dag \u00e4ldre, men det \u00e4r v\u00e4l s\u00e5 att jag ska ha levt ett \u00e5r l\u00e4ngre \u00e4n innan nu. Jag hoppas att det l\u00f6ser sig p\u00e5 n\u00e5got s\u00e4tt. Dock bara f\u00f6r att man fyller \u00e5r betyder inte det &hellip; <a href=\"http:\/\/palo.se\/blog\/?p=182\" class=\"more-link\">Continue reading <span class=\"screen-reader-text\">Att bli \u00e4ldre<\/span> <span class=\"meta-nav\">&rarr;<\/span><\/a><\/p>\n","protected":false},"author":1,"featured_media":0,"comment_status":"open","ping_status":"open","sticky":false,"template":"","format":"standard","meta":{"footnotes":""},"categories":[],"tags":[5,8],"class_list":["post-182","post","type-post","status-publish","format-standard","hentry","tag-fritid","tag-hemma"],"_links":{"self":[{"href":"http:\/\/palo.se\/blog\/index.php?rest_route=\/wp\/v2\/posts\/182","targetHints":{"allow":["GET"]}}],"collection":[{"href":"http:\/\/palo.se\/blog\/index.php?rest_route=\/wp\/v2\/posts"}],"about":[{"href":"http:\/\/palo.se\/blog\/index.php?rest_route=\/wp\/v2\/types\/post"}],"author":[{"embeddable":true,"href":"http:\/\/palo.se\/blog\/index.php?rest_route=\/wp\/v2\/users\/1"}],"replies":[{"embeddable":true,"href":"http:\/\/palo.se\/blog\/index.php?rest_route=%2Fwp%2Fv2%2Fcomments&post=182"}],"version-history":[{"count":0,"href":"http:\/\/palo.se\/blog\/index.php?rest_route=\/wp\/v2\/posts\/182\/revisions"}],"wp:attachment":[{"href":"http:\/\/palo.se\/blog\/index.php?rest_route=%2Fwp%2Fv2%2Fmedia&parent=182"}],"wp:term":[{"taxonomy":"category","embeddable":true,"href":"http:\/\/palo.se\/blog\/index.php?rest_route=%2Fwp%2Fv2%2Fcategories&post=182"},{"taxonomy":"post_tag","embeddable":true,"href":"http:\/\/palo.se\/blog\/index.php?rest_route=%2Fwp%2Fv2%2Ftags&post=182"}],"curies":[{"name":"wp","href":"https:\/\/api.w.org\/{rel}","templated":true}]}}