{"id":192,"date":"2007-07-30T17:49:00","date_gmt":"2007-07-30T17:49:00","guid":{"rendered":"http:\/\/palo.se\/blog\/?p=192"},"modified":"2007-07-30T17:49:00","modified_gmt":"2007-07-30T17:49:00","slug":"byggt-en-veranda","status":"publish","type":"post","link":"http:\/\/palo.se\/blog\/?p=192","title":{"rendered":"Byggt en veranda"},"content":{"rendered":"<div style=\"margin: 0px auto 10px; text-align: center;\"><a href=\"http:\/\/bp0.blogger.com\/_OWDRCunX6zA\/Rq4kwOW4i7I\/AAAAAAAABY8\/s-oSMmv37q4\/s1600-h\/DSC_0015.JPG\"><img decoding=\"async\" id=\"BLOGGER_PHOTO_ID_\" alt=\"\" src=\"http:\/\/bp0.blogger.com\/_OWDRCunX6zA\/Rq4kwOW4i7I\/AAAAAAAABY8\/s-oSMmv37q4\/s320\/DSC_0015.JPG\" border=\"0\" \/><\/a><\/p>\n<div style=\"text-align: left;\">Detta var mitt och stinas stora projekt under f\u00f6rra vecka i stugan. Nu b\u00f6rjar sovstugan helt klart att k\u00e4nnas som en riktig stuga och inte bara ett f\u00f6rr\u00e5d.<\/div>\n<\/div>\n<div style=\"clear: both; text-align: center;\"><a href=\"http:\/\/picasa.google.com\/blogger\/\" target=\"ext\"><img decoding=\"async\" src=\"http:\/\/photos1.blogger.com\/pbp.gif\" alt=\"Posted by Picasa\" style=\"border: 0px none ; padding: 0px; background: transparent none repeat scroll 0% 50%; -moz-background-clip: -moz-initial; -moz-background-origin: -moz-initial; -moz-background-inline-policy: -moz-initial;\" align=\"middle\" border=\"0\" \/><\/a><\/div>\n","protected":false},"excerpt":{"rendered":"<p>Detta var mitt och stinas stora projekt under f\u00f6rra vecka i stugan. Nu b\u00f6rjar sovstugan helt klart att k\u00e4nnas som en riktig stuga och inte bara ett f\u00f6rr\u00e5d.<\/p>\n","protected":false},"author":1,"featured_media":0,"comment_status":"open","ping_status":"open","sticky":false,"template":"","format":"standard","meta":{"footnotes":""},"categories":[],"tags":[4,11],"class_list":["post-192","post","type-post","status-publish","format-standard","hentry","tag-bilder","tag-buskon"],"_links":{"self":[{"href":"http:\/\/palo.se\/blog\/index.php?rest_route=\/wp\/v2\/posts\/192","targetHints":{"allow":["GET"]}}],"collection":[{"href":"http:\/\/palo.se\/blog\/index.php?rest_route=\/wp\/v2\/posts"}],"about":[{"href":"http:\/\/palo.se\/blog\/index.php?rest_route=\/wp\/v2\/types\/post"}],"author":[{"embeddable":true,"href":"http:\/\/palo.se\/blog\/index.php?rest_route=\/wp\/v2\/users\/1"}],"replies":[{"embeddable":true,"href":"http:\/\/palo.se\/blog\/index.php?rest_route=%2Fwp%2Fv2%2Fcomments&post=192"}],"version-history":[{"count":0,"href":"http:\/\/palo.se\/blog\/index.php?rest_route=\/wp\/v2\/posts\/192\/revisions"}],"wp:attachment":[{"href":"http:\/\/palo.se\/blog\/index.php?rest_route=%2Fwp%2Fv2%2Fmedia&parent=192"}],"wp:term":[{"taxonomy":"category","embeddable":true,"href":"http:\/\/palo.se\/blog\/index.php?rest_route=%2Fwp%2Fv2%2Fcategories&post=192"},{"taxonomy":"post_tag","embeddable":true,"href":"http:\/\/palo.se\/blog\/index.php?rest_route=%2Fwp%2Fv2%2Ftags&post=192"}],"curies":[{"name":"wp","href":"https:\/\/api.w.org\/{rel}","templated":true}]}}