{"id":200,"date":"2007-08-26T16:21:00","date_gmt":"2007-08-26T16:21:00","guid":{"rendered":"http:\/\/palo.se\/blog\/?p=200"},"modified":"2007-08-26T16:21:00","modified_gmt":"2007-08-26T16:21:00","slug":"min-lagenhet-i-umea","status":"publish","type":"post","link":"http:\/\/palo.se\/blog\/?p=200","title":{"rendered":"Min l\u00e4genhet i Ume\u00e5"},"content":{"rendered":"<p><a onblur=\"try {parent.deselectBloggerImageGracefully();} catch(e) {}\" href=\"http:\/\/bp0.blogger.com\/_OWDRCunX6zA\/RtGoqWu4J8I\/AAAAAAAABfU\/rJmrx998rrI\/s1600-h\/Planl%C3%B6sning.jpg\"><img decoding=\"async\" style=\"margin: 0px auto 10px; display: block; text-align: center; cursor: pointer;\" src=\"http:\/\/bp0.blogger.com\/_OWDRCunX6zA\/RtGoqWu4J8I\/AAAAAAAABfU\/rJmrx998rrI\/s320\/Planl%C3%B6sning.jpg\" alt=\"\" id=\"BLOGGER_PHOTO_ID_5103045298397652930\" border=\"0\" \/><\/a><br \/>S\u00e5 h\u00e4r kommer min l\u00e4genhet i Ume\u00e5 att se ut. Ungef\u00e4r i alla fall. Ska bli intressant att bo p\u00e5 ett annat st\u00e4lle och se hur jag lyckas inreda denna l\u00e4genhet. Visserligen kommer stina att ge mig mycket hj\u00e4lp h\u00e4r eftersom att \u00e4ven hon ska bo d\u00e4r.<\/p>\n<p>Jag kommer att l\u00e4gga upp bilder p\u00e5 hur det blir n\u00e4r jag har flyttat in.<\/p>\n","protected":false},"excerpt":{"rendered":"<p>S\u00e5 h\u00e4r kommer min l\u00e4genhet i Ume\u00e5 att se ut. Ungef\u00e4r i alla fall. Ska bli intressant att bo p\u00e5 ett annat st\u00e4lle och se hur jag lyckas inreda denna l\u00e4genhet. Visserligen kommer stina att ge mig mycket hj\u00e4lp h\u00e4r eftersom att \u00e4ven hon ska bo d\u00e4r. Jag kommer att l\u00e4gga upp bilder p\u00e5 hur &hellip; <a href=\"http:\/\/palo.se\/blog\/?p=200\" class=\"more-link\">Continue reading <span class=\"screen-reader-text\">Min l\u00e4genhet i Ume\u00e5<\/span> <span class=\"meta-nav\">&rarr;<\/span><\/a><\/p>\n","protected":false},"author":1,"featured_media":0,"comment_status":"open","ping_status":"open","sticky":false,"template":"","format":"standard","meta":{"footnotes":""},"categories":[],"tags":[14,8],"class_list":["post-200","post","type-post","status-publish","format-standard","hentry","tag-framtiden","tag-hemma"],"_links":{"self":[{"href":"http:\/\/palo.se\/blog\/index.php?rest_route=\/wp\/v2\/posts\/200","targetHints":{"allow":["GET"]}}],"collection":[{"href":"http:\/\/palo.se\/blog\/index.php?rest_route=\/wp\/v2\/posts"}],"about":[{"href":"http:\/\/palo.se\/blog\/index.php?rest_route=\/wp\/v2\/types\/post"}],"author":[{"embeddable":true,"href":"http:\/\/palo.se\/blog\/index.php?rest_route=\/wp\/v2\/users\/1"}],"replies":[{"embeddable":true,"href":"http:\/\/palo.se\/blog\/index.php?rest_route=%2Fwp%2Fv2%2Fcomments&post=200"}],"version-history":[{"count":0,"href":"http:\/\/palo.se\/blog\/index.php?rest_route=\/wp\/v2\/posts\/200\/revisions"}],"wp:attachment":[{"href":"http:\/\/palo.se\/blog\/index.php?rest_route=%2Fwp%2Fv2%2Fmedia&parent=200"}],"wp:term":[{"taxonomy":"category","embeddable":true,"href":"http:\/\/palo.se\/blog\/index.php?rest_route=%2Fwp%2Fv2%2Fcategories&post=200"},{"taxonomy":"post_tag","embeddable":true,"href":"http:\/\/palo.se\/blog\/index.php?rest_route=%2Fwp%2Fv2%2Ftags&post=200"}],"curies":[{"name":"wp","href":"https:\/\/api.w.org\/{rel}","templated":true}]}}