{"id":213,"date":"2007-10-02T18:22:00","date_gmt":"2007-10-02T18:22:00","guid":{"rendered":"http:\/\/palo.se\/blog\/?p=213"},"modified":"2007-10-02T18:22:00","modified_gmt":"2007-10-02T18:22:00","slug":"forsta-arbetsveckan","status":"publish","type":"post","link":"http:\/\/palo.se\/blog\/?p=213","title":{"rendered":"F\u00f6rsta arbetsveckan&#8230;"},"content":{"rendered":"<div style=\"margin: 0px auto 10px; text-align: center;\">\n<div style=\"text-align: left;\">Nu \u00e4r jag p\u00e5 plats i ume\u00e5 och har b\u00f6rjat att jobba. Jag har f\u00e5tt ihop lite prylar i l\u00e4genheten s\u00e5 att jag kan b\u00f6rja med att bo. Dock saknas lite prylar men det \u00e4r n\u00e5got som kommer att l\u00f6sa sig fram\u00f6ver. H\u00e4r nedan kommer lite bilder som jag precis har tagit i l\u00e4genheten.<\/div>\n<p><a href=\"http:\/\/bp2.blogger.com\/_OWDRCunX6zA\/RwKMidfZQHI\/AAAAAAAABoA\/mdsdQg1kg_U\/s1600-h\/DSC_0103.JPG\"><img decoding=\"async\" id=\"BLOGGER_PHOTO_ID_\" alt=\"\" src=\"http:\/\/bp2.blogger.com\/_OWDRCunX6zA\/RwKMidfZQHI\/AAAAAAAABoA\/mdsdQg1kg_U\/s320\/DSC_0103.JPG\" border=\"0\" \/><\/a><br \/>Vardagsrumsdelen<\/div>\n<p><\/p>\n<div style=\"margin: 0px auto 10px; text-align: center;\"><a href=\"http:\/\/bp3.blogger.com\/_OWDRCunX6zA\/RwKMjtfZQII\/AAAAAAAABoI\/x-ScXmrIP00\/s1600-h\/DSC_0104.JPG\"><img decoding=\"async\" id=\"BLOGGER_PHOTO_ID_\" alt=\"\" src=\"http:\/\/bp3.blogger.com\/_OWDRCunX6zA\/RwKMjtfZQII\/AAAAAAAABoI\/x-ScXmrIP00\/s320\/DSC_0104.JPG\" border=\"0\" \/><\/a><br \/>K\u00f6ksdelen <\/div>\n<p><\/p>\n<div style=\"margin: 0px auto 10px; text-align: center;\"><a href=\"http:\/\/bp1.blogger.com\/_OWDRCunX6zA\/RwKMnNfZQJI\/AAAAAAAABoo\/3SY7Fkekcjs\/s1600-h\/DSC_0106.JPG\"><img decoding=\"async\" id=\"BLOGGER_PHOTO_ID_\" alt=\"\" src=\"http:\/\/bp1.blogger.com\/_OWDRCunX6zA\/RwKMnNfZQJI\/AAAAAAAABoo\/3SY7Fkekcjs\/s320\/DSC_0106.JPG\" border=\"0\" \/><\/a><br \/>Sovrummet <\/div>\n<div style=\"clear: both; text-align: center;\"><a href=\"http:\/\/picasa.google.com\/blogger\/\" target=\"ext\"><img decoding=\"async\" src=\"http:\/\/photos1.blogger.com\/pbp.gif\" alt=\"Posted by Picasa\" style=\"border: 0px none ; padding: 0px; background: transparent none repeat scroll 0% 50%; -moz-background-clip: -moz-initial; -moz-background-origin: -moz-initial; -moz-background-inline-policy: -moz-initial;\" align=\"middle\" border=\"0\" \/><\/a><\/div>\n","protected":false},"excerpt":{"rendered":"<p>Nu \u00e4r jag p\u00e5 plats i ume\u00e5 och har b\u00f6rjat att jobba. Jag har f\u00e5tt ihop lite prylar i l\u00e4genheten s\u00e5 att jag kan b\u00f6rja med att bo. Dock saknas lite prylar men det \u00e4r n\u00e5got som kommer att l\u00f6sa sig fram\u00f6ver. H\u00e4r nedan kommer lite bilder som jag precis har tagit i l\u00e4genheten. Vardagsrumsdelen &hellip; <a href=\"http:\/\/palo.se\/blog\/?p=213\" class=\"more-link\">Continue reading <span class=\"screen-reader-text\">F\u00f6rsta arbetsveckan&#8230;<\/span> <span class=\"meta-nav\">&rarr;<\/span><\/a><\/p>\n","protected":false},"author":1,"featured_media":0,"comment_status":"open","ping_status":"open","sticky":false,"template":"","format":"standard","meta":{"footnotes":""},"categories":[],"tags":[16],"class_list":["post-213","post","type-post","status-publish","format-standard","hentry","tag-umea"],"_links":{"self":[{"href":"http:\/\/palo.se\/blog\/index.php?rest_route=\/wp\/v2\/posts\/213","targetHints":{"allow":["GET"]}}],"collection":[{"href":"http:\/\/palo.se\/blog\/index.php?rest_route=\/wp\/v2\/posts"}],"about":[{"href":"http:\/\/palo.se\/blog\/index.php?rest_route=\/wp\/v2\/types\/post"}],"author":[{"embeddable":true,"href":"http:\/\/palo.se\/blog\/index.php?rest_route=\/wp\/v2\/users\/1"}],"replies":[{"embeddable":true,"href":"http:\/\/palo.se\/blog\/index.php?rest_route=%2Fwp%2Fv2%2Fcomments&post=213"}],"version-history":[{"count":0,"href":"http:\/\/palo.se\/blog\/index.php?rest_route=\/wp\/v2\/posts\/213\/revisions"}],"wp:attachment":[{"href":"http:\/\/palo.se\/blog\/index.php?rest_route=%2Fwp%2Fv2%2Fmedia&parent=213"}],"wp:term":[{"taxonomy":"category","embeddable":true,"href":"http:\/\/palo.se\/blog\/index.php?rest_route=%2Fwp%2Fv2%2Fcategories&post=213"},{"taxonomy":"post_tag","embeddable":true,"href":"http:\/\/palo.se\/blog\/index.php?rest_route=%2Fwp%2Fv2%2Ftags&post=213"}],"curies":[{"name":"wp","href":"https:\/\/api.w.org\/{rel}","templated":true}]}}