{"id":217,"date":"2007-10-24T17:28:00","date_gmt":"2007-10-24T17:28:00","guid":{"rendered":"http:\/\/palo.se\/blog\/?p=217"},"modified":"2007-10-24T17:28:00","modified_gmt":"2007-10-24T17:28:00","slug":"hoppas-att-det-va-sista-inlamningen","status":"publish","type":"post","link":"http:\/\/palo.se\/blog\/?p=217","title":{"rendered":"hoppas att det va sista inl\u00e4mningen"},"content":{"rendered":"<p>Nu har jag l\u00e4mnat in ex-jobbet ytterligare en g\u00e5ng, \u00e4ven denna g\u00e5ng p\u00e5 grund av att min handledare hittade n\u00e5gra saker som beh\u00f6vde f\u00f6rtydligas&#8230; Jag b\u00f6rjar bli lite less p\u00e5 att h\u00e5lla p\u00e5 och g\u00f6ra sm\u00e5 \u00e4ndringar hela tiden. Det jag beh\u00f6ver nu \u00e4r att den blir klar s\u00e5 att jag kan fixa med tryckningen och allt annat.<\/p>\n<p>Sen har jag ju \u00e4ven den lilla detaljen med mina omtentor som m\u00e5ste tas. F\u00f6rutom att jag m\u00e5ste l\u00e4sa en ny mattekurs n\u00e4sta l\u00e4speriod. Detta \u00e4r inte roligt men det \u00e4r n\u00e5t som m\u00e5ste g\u00f6ras.<\/p>\n<p>Jag kan inte r\u00e4kna med att jag kommer att forts\u00e4tta skriva ofta nu n\u00e4r jag har en hel del att g\u00f6ra p\u00e5 jobbet. G\u00e5r upp vid 6 f\u00f6r att \u00e4ta och \u00e5ka till jobbet och sen \u00e4r jag inte hemma f\u00f6rr\u00e4n runt 17 och d\u00e5 \u00e4r man inte s\u00e5 sugen p\u00e5 att g\u00f6ra en massa saker p\u00e5 jobbet utan vill mest bara ta det lugnt. S\u00e5 nu blir det till att softa.<\/p>\n","protected":false},"excerpt":{"rendered":"<p>Nu har jag l\u00e4mnat in ex-jobbet ytterligare en g\u00e5ng, \u00e4ven denna g\u00e5ng p\u00e5 grund av att min handledare hittade n\u00e5gra saker som beh\u00f6vde f\u00f6rtydligas&#8230; Jag b\u00f6rjar bli lite less p\u00e5 att h\u00e5lla p\u00e5 och g\u00f6ra sm\u00e5 \u00e4ndringar hela tiden. Det jag beh\u00f6ver nu \u00e4r att den blir klar s\u00e5 att jag kan fixa med tryckningen &hellip; <a href=\"http:\/\/palo.se\/blog\/?p=217\" class=\"more-link\">Continue reading <span class=\"screen-reader-text\">hoppas att det va sista inl\u00e4mningen<\/span> <span class=\"meta-nav\">&rarr;<\/span><\/a><\/p>\n","protected":false},"author":1,"featured_media":0,"comment_status":"open","ping_status":"open","sticky":false,"template":"","format":"standard","meta":{"footnotes":""},"categories":[],"tags":[5,8,13],"class_list":["post-217","post","type-post","status-publish","format-standard","hentry","tag-fritid","tag-hemma","tag-omtentor"],"_links":{"self":[{"href":"http:\/\/palo.se\/blog\/index.php?rest_route=\/wp\/v2\/posts\/217","targetHints":{"allow":["GET"]}}],"collection":[{"href":"http:\/\/palo.se\/blog\/index.php?rest_route=\/wp\/v2\/posts"}],"about":[{"href":"http:\/\/palo.se\/blog\/index.php?rest_route=\/wp\/v2\/types\/post"}],"author":[{"embeddable":true,"href":"http:\/\/palo.se\/blog\/index.php?rest_route=\/wp\/v2\/users\/1"}],"replies":[{"embeddable":true,"href":"http:\/\/palo.se\/blog\/index.php?rest_route=%2Fwp%2Fv2%2Fcomments&post=217"}],"version-history":[{"count":0,"href":"http:\/\/palo.se\/blog\/index.php?rest_route=\/wp\/v2\/posts\/217\/revisions"}],"wp:attachment":[{"href":"http:\/\/palo.se\/blog\/index.php?rest_route=%2Fwp%2Fv2%2Fmedia&parent=217"}],"wp:term":[{"taxonomy":"category","embeddable":true,"href":"http:\/\/palo.se\/blog\/index.php?rest_route=%2Fwp%2Fv2%2Fcategories&post=217"},{"taxonomy":"post_tag","embeddable":true,"href":"http:\/\/palo.se\/blog\/index.php?rest_route=%2Fwp%2Fv2%2Ftags&post=217"}],"curies":[{"name":"wp","href":"https:\/\/api.w.org\/{rel}","templated":true}]}}