{"id":234,"date":"2008-03-10T08:34:00","date_gmt":"2008-03-10T08:34:00","guid":{"rendered":"http:\/\/palo.se\/blog\/?p=234"},"modified":"2008-03-10T08:34:00","modified_gmt":"2008-03-10T08:34:00","slug":"mera-arbete","status":"publish","type":"post","link":"http:\/\/palo.se\/blog\/?p=234","title":{"rendered":"Mera arbete"},"content":{"rendered":"<p>I veckan som kommer skall jag p\u00e5 kurs igen. Denna g\u00e5ng handlar det om transport, utl\u00e4ggning och packning och kursen g\u00e5r i T\u00e4by. Jag har f\u00e5tt i uppgift att f\u00f6rs\u00f6ka f\u00f6rklara hur jag skulle r\u00e4kna ut en \u00f6vningsuppgift. Vilket kommer att ta en stor del av dagen idag k\u00e4nner jag. Man m\u00e5ste ju f\u00f6rs\u00f6ka g\u00f6ra ett gott intryck.<\/p>\n<p>I helgen hade Stina och jag flyttfika. Vi hade vissa av v\u00e5ra kompisar \u00f6ver f\u00f6r att f\u00e5 tr\u00e4ffa dem innan vi flyttar till Ume\u00e5 nu till helgen. Det var mycket trevligt att tr\u00e4ffa alla, \u00e4ven n\u00e4r resten av helgen gick \u00e5t till att packa l\u00e5dor och montera is\u00e4r olika m\u00f6bler. Nu hoppas jag att det mesta \u00e4r klart till p\u00e5 l\u00f6rdag d\u00e5 all flyttning skall ske.<\/p>\n<div style=\"text-align: center;\"><a onblur=\"try {parent.deselectBloggerImageGracefully();} catch(e) {}\" href=\"http:\/\/bp1.blogger.com\/_OWDRCunX6zA\/R9Tz3Jjjy_I\/AAAAAAAAB2g\/IXS3sHNggKI\/s1600-h\/DSC00030.JPG\"><img decoding=\"async\" style=\"margin: 0px auto 10px; display: block; text-align: center; cursor: pointer;\" src=\"http:\/\/bp1.blogger.com\/_OWDRCunX6zA\/R9Tz3Jjjy_I\/AAAAAAAAB2g\/IXS3sHNggKI\/s320\/DSC00030.JPG\" alt=\"\" id=\"BLOGGER_PHOTO_ID_5176030000538962930\" border=\"0\" \/><\/a>Utsikten fr\u00e5n mitt f\u00f6nster under f\u00f6rra veckans kurs.<\/div>\n","protected":false},"excerpt":{"rendered":"<p>I veckan som kommer skall jag p\u00e5 kurs igen. Denna g\u00e5ng handlar det om transport, utl\u00e4ggning och packning och kursen g\u00e5r i T\u00e4by. Jag har f\u00e5tt i uppgift att f\u00f6rs\u00f6ka f\u00f6rklara hur jag skulle r\u00e4kna ut en \u00f6vningsuppgift. Vilket kommer att ta en stor del av dagen idag k\u00e4nner jag. Man m\u00e5ste ju f\u00f6rs\u00f6ka g\u00f6ra &hellip; <a href=\"http:\/\/palo.se\/blog\/?p=234\" class=\"more-link\">Continue reading <span class=\"screen-reader-text\">Mera arbete<\/span> <span class=\"meta-nav\">&rarr;<\/span><\/a><\/p>\n","protected":false},"author":1,"featured_media":0,"comment_status":"open","ping_status":"open","sticky":false,"template":"","format":"standard","meta":{"footnotes":""},"categories":[],"tags":[4,17,16],"class_list":["post-234","post","type-post","status-publish","format-standard","hentry","tag-bilder","tag-kurs","tag-umea"],"_links":{"self":[{"href":"http:\/\/palo.se\/blog\/index.php?rest_route=\/wp\/v2\/posts\/234","targetHints":{"allow":["GET"]}}],"collection":[{"href":"http:\/\/palo.se\/blog\/index.php?rest_route=\/wp\/v2\/posts"}],"about":[{"href":"http:\/\/palo.se\/blog\/index.php?rest_route=\/wp\/v2\/types\/post"}],"author":[{"embeddable":true,"href":"http:\/\/palo.se\/blog\/index.php?rest_route=\/wp\/v2\/users\/1"}],"replies":[{"embeddable":true,"href":"http:\/\/palo.se\/blog\/index.php?rest_route=%2Fwp%2Fv2%2Fcomments&post=234"}],"version-history":[{"count":0,"href":"http:\/\/palo.se\/blog\/index.php?rest_route=\/wp\/v2\/posts\/234\/revisions"}],"wp:attachment":[{"href":"http:\/\/palo.se\/blog\/index.php?rest_route=%2Fwp%2Fv2%2Fmedia&parent=234"}],"wp:term":[{"taxonomy":"category","embeddable":true,"href":"http:\/\/palo.se\/blog\/index.php?rest_route=%2Fwp%2Fv2%2Fcategories&post=234"},{"taxonomy":"post_tag","embeddable":true,"href":"http:\/\/palo.se\/blog\/index.php?rest_route=%2Fwp%2Fv2%2Ftags&post=234"}],"curies":[{"name":"wp","href":"https:\/\/api.w.org\/{rel}","templated":true}]}}