{"id":263,"date":"2008-06-16T09:17:29","date_gmt":"2008-06-16T08:17:29","guid":{"rendered":"http:\/\/palo.se\/blog\/?p=263"},"modified":"2008-06-16T09:19:22","modified_gmt":"2008-06-16T08:19:22","slug":"xana-klattrar","status":"publish","type":"post","link":"http:\/\/palo.se\/blog\/?p=263","title":{"rendered":"Xana kl\u00e4ttrar"},"content":{"rendered":"<p>F\u00f6r n\u00e5gon vecka sedan satte vi upp h\u00f6nsn\u00e4t p\u00e5 balkongen f\u00f6r att Xana skulle f\u00e5 var ute mera. Efter ett tag har hon blivit lite mera kaxig och har nu b\u00f6rjat att kl\u00e4ttra i det.<\/p>\n<p><img loading=\"lazy\" decoding=\"async\" src=\"http:\/\/palo.se\/gallery\/main.php?g2_view=core.DownloadItem&amp;g2_itemId=336&amp;g2_serialNumber=2\" alt=\"\" width=\"240\" height=\"320\" \/><\/p>\n","protected":false},"excerpt":{"rendered":"<p>F\u00f6r n\u00e5gon vecka sedan satte vi upp h\u00f6nsn\u00e4t p\u00e5 balkongen f\u00f6r att Xana skulle f\u00e5 var ute mera. Efter ett tag har hon blivit lite mera kaxig och har nu b\u00f6rjat att kl\u00e4ttra i det.<\/p>\n","protected":false},"author":2,"featured_media":0,"comment_status":"open","ping_status":"open","sticky":false,"template":"","format":"standard","meta":{"footnotes":""},"categories":[],"tags":[4,16],"class_list":["post-263","post","type-post","status-publish","format-standard","hentry","tag-bilder","tag-umea"],"_links":{"self":[{"href":"http:\/\/palo.se\/blog\/index.php?rest_route=\/wp\/v2\/posts\/263","targetHints":{"allow":["GET"]}}],"collection":[{"href":"http:\/\/palo.se\/blog\/index.php?rest_route=\/wp\/v2\/posts"}],"about":[{"href":"http:\/\/palo.se\/blog\/index.php?rest_route=\/wp\/v2\/types\/post"}],"author":[{"embeddable":true,"href":"http:\/\/palo.se\/blog\/index.php?rest_route=\/wp\/v2\/users\/2"}],"replies":[{"embeddable":true,"href":"http:\/\/palo.se\/blog\/index.php?rest_route=%2Fwp%2Fv2%2Fcomments&post=263"}],"version-history":[{"count":0,"href":"http:\/\/palo.se\/blog\/index.php?rest_route=\/wp\/v2\/posts\/263\/revisions"}],"wp:attachment":[{"href":"http:\/\/palo.se\/blog\/index.php?rest_route=%2Fwp%2Fv2%2Fmedia&parent=263"}],"wp:term":[{"taxonomy":"category","embeddable":true,"href":"http:\/\/palo.se\/blog\/index.php?rest_route=%2Fwp%2Fv2%2Fcategories&post=263"},{"taxonomy":"post_tag","embeddable":true,"href":"http:\/\/palo.se\/blog\/index.php?rest_route=%2Fwp%2Fv2%2Ftags&post=263"}],"curies":[{"name":"wp","href":"https:\/\/api.w.org\/{rel}","templated":true}]}}