{"id":360,"date":"2008-12-06T09:21:15","date_gmt":"2008-12-06T08:21:15","guid":{"rendered":"http:\/\/palo.se\/blog\/?p=360"},"modified":"2008-12-06T09:21:15","modified_gmt":"2008-12-06T08:21:15","slug":"inflyttade","status":"publish","type":"post","link":"http:\/\/palo.se\/blog\/?p=360","title":{"rendered":"Inflyttade"},"content":{"rendered":"<p>Vi har nu flyttat in i l\u00e4genheten i lule\u00e5, dock \u00e4r vi inte klara med all uppackning \u00e4n. Jag \u00e5terkommer med bilder n\u00e4r vi har packat upp och fixat iordning lite.<\/p>\n","protected":false},"excerpt":{"rendered":"<p>Vi har nu flyttat in i l\u00e4genheten i lule\u00e5, dock \u00e4r vi inte klara med all uppackning \u00e4n. Jag \u00e5terkommer med bilder n\u00e4r vi har packat upp och fixat iordning lite.<\/p>\n","protected":false},"author":2,"featured_media":0,"comment_status":"open","ping_status":"open","sticky":false,"template":"","format":"standard","meta":{"footnotes":""},"categories":[1],"tags":[26],"class_list":["post-360","post","type-post","status-publish","format-standard","hentry","category-uncategorized","tag-flytten"],"_links":{"self":[{"href":"http:\/\/palo.se\/blog\/index.php?rest_route=\/wp\/v2\/posts\/360","targetHints":{"allow":["GET"]}}],"collection":[{"href":"http:\/\/palo.se\/blog\/index.php?rest_route=\/wp\/v2\/posts"}],"about":[{"href":"http:\/\/palo.se\/blog\/index.php?rest_route=\/wp\/v2\/types\/post"}],"author":[{"embeddable":true,"href":"http:\/\/palo.se\/blog\/index.php?rest_route=\/wp\/v2\/users\/2"}],"replies":[{"embeddable":true,"href":"http:\/\/palo.se\/blog\/index.php?rest_route=%2Fwp%2Fv2%2Fcomments&post=360"}],"version-history":[{"count":1,"href":"http:\/\/palo.se\/blog\/index.php?rest_route=\/wp\/v2\/posts\/360\/revisions"}],"predecessor-version":[{"id":361,"href":"http:\/\/palo.se\/blog\/index.php?rest_route=\/wp\/v2\/posts\/360\/revisions\/361"}],"wp:attachment":[{"href":"http:\/\/palo.se\/blog\/index.php?rest_route=%2Fwp%2Fv2%2Fmedia&parent=360"}],"wp:term":[{"taxonomy":"category","embeddable":true,"href":"http:\/\/palo.se\/blog\/index.php?rest_route=%2Fwp%2Fv2%2Fcategories&post=360"},{"taxonomy":"post_tag","embeddable":true,"href":"http:\/\/palo.se\/blog\/index.php?rest_route=%2Fwp%2Fv2%2Ftags&post=360"}],"curies":[{"name":"wp","href":"https:\/\/api.w.org\/{rel}","templated":true}]}}