{"id":404,"date":"2009-08-12T08:27:30","date_gmt":"2009-08-12T07:27:30","guid":{"rendered":"http:\/\/palo.se\/blog\/?p=404"},"modified":"2009-08-12T09:09:47","modified_gmt":"2009-08-12T08:09:47","slug":"antligen-regn","status":"publish","type":"post","link":"http:\/\/palo.se\/blog\/?p=404","title":{"rendered":"\u00c4ntligen regn"},"content":{"rendered":"<p>Nu n\u00e4r jag \u00e4r helt tillbaka p\u00e5 jobbet efter semestern k\u00e4nns det sk\u00f6nt att det har b\u00f6rjat att regna lite och inte bara vara fint v\u00e4der hela tiden. Nu kan jag verkligen f\u00f6rs\u00f6ka ta tag i allt renoveringsarbete som beh\u00f6vs. \u00c4ven om vissa delar av det kanske inte \u00e4r det roligaste men det \u00e4r n\u00e5got som m\u00e5ste g\u00f6ras. Jag ska f\u00f6rs\u00f6ka l\u00e4gga upp lite bilder n\u00e4r de \u00e4r tagna.<\/p>\n<p>K\u00f6ket \u00e4r v\u00e4l det enda rum som b\u00f6rjar att k\u00e4nnas n\u00e5got s\u00e5 n\u00e4r f\u00e4rdigt. Det skall bara upp lite saker p\u00e5 v\u00e4ggarna. Sen \u00e4r hallen \u00e4ven den i stort sett f\u00e4rdig om det inte var f\u00f6r att vi m\u00e5ste s\u00e4tta upp lite ytterligare tapet eftersom att den tog slut tidigare \u00e4n ber\u00e4knat. Sen skall \u00e4ven vardagsrummet m\u00e5las s\u00e5 att vi kan b\u00f6rja m\u00f6blera det ocks\u00e5.<\/p>\n","protected":false},"excerpt":{"rendered":"<p>Nu n\u00e4r jag \u00e4r helt tillbaka p\u00e5 jobbet efter semestern k\u00e4nns det sk\u00f6nt att det har b\u00f6rjat att regna lite och inte bara vara fint v\u00e4der hela tiden. Nu kan jag verkligen f\u00f6rs\u00f6ka ta tag i allt renoveringsarbete som beh\u00f6vs. \u00c4ven om vissa delar av det kanske inte \u00e4r det roligaste men det \u00e4r n\u00e5got &hellip; <a href=\"http:\/\/palo.se\/blog\/?p=404\" class=\"more-link\">Continue reading <span class=\"screen-reader-text\">\u00c4ntligen regn<\/span> <span class=\"meta-nav\">&rarr;<\/span><\/a><\/p>\n","protected":false},"author":2,"featured_media":0,"comment_status":"open","ping_status":"open","sticky":false,"template":"","format":"standard","meta":{"footnotes":""},"categories":[1],"tags":[5,8,20,35],"class_list":["post-404","post","type-post","status-publish","format-standard","hentry","category-uncategorized","tag-fritid","tag-hemma","tag-lulea","tag-radhuset"],"_links":{"self":[{"href":"http:\/\/palo.se\/blog\/index.php?rest_route=\/wp\/v2\/posts\/404","targetHints":{"allow":["GET"]}}],"collection":[{"href":"http:\/\/palo.se\/blog\/index.php?rest_route=\/wp\/v2\/posts"}],"about":[{"href":"http:\/\/palo.se\/blog\/index.php?rest_route=\/wp\/v2\/types\/post"}],"author":[{"embeddable":true,"href":"http:\/\/palo.se\/blog\/index.php?rest_route=\/wp\/v2\/users\/2"}],"replies":[{"embeddable":true,"href":"http:\/\/palo.se\/blog\/index.php?rest_route=%2Fwp%2Fv2%2Fcomments&post=404"}],"version-history":[{"count":1,"href":"http:\/\/palo.se\/blog\/index.php?rest_route=\/wp\/v2\/posts\/404\/revisions"}],"predecessor-version":[{"id":405,"href":"http:\/\/palo.se\/blog\/index.php?rest_route=\/wp\/v2\/posts\/404\/revisions\/405"}],"wp:attachment":[{"href":"http:\/\/palo.se\/blog\/index.php?rest_route=%2Fwp%2Fv2%2Fmedia&parent=404"}],"wp:term":[{"taxonomy":"category","embeddable":true,"href":"http:\/\/palo.se\/blog\/index.php?rest_route=%2Fwp%2Fv2%2Fcategories&post=404"},{"taxonomy":"post_tag","embeddable":true,"href":"http:\/\/palo.se\/blog\/index.php?rest_route=%2Fwp%2Fv2%2Ftags&post=404"}],"curies":[{"name":"wp","href":"https:\/\/api.w.org\/{rel}","templated":true}]}}