{"id":409,"date":"2009-08-12T09:26:16","date_gmt":"2009-08-12T08:26:16","guid":{"rendered":"http:\/\/palo.se\/blog\/?p=409"},"modified":"2009-08-12T09:26:16","modified_gmt":"2009-08-12T08:26:16","slug":"bilder-fran-semestern","status":"publish","type":"post","link":"http:\/\/palo.se\/blog\/?p=409","title":{"rendered":"Bilder fr\u00e5n semestern"},"content":{"rendered":"<figure style=\"width: 320px\" class=\"wp-caption alignnone\"><img loading=\"lazy\" decoding=\"async\" title=\"Emmy p\u00e5 v\u00e4g.\" src=\"http:\/\/palo.se\/gallery\/main.php?g2_view=core.DownloadItem&amp;g2_itemId=846&amp;g2_serialNumber=2\" alt=\"Emmy p\u00e5 v\u00e4g.\" width=\"320\" height=\"213\" \/><figcaption class=\"wp-caption-text\">Emmy p\u00e5 v\u00e4g.<\/figcaption><\/figure>\n<figure style=\"width: 320px\" class=\"wp-caption alignnone\"><img loading=\"lazy\" decoding=\"async\" title=\"Lizas stuga och hennes systers familj\" src=\"http:\/\/palo.se\/gallery\/main.php?g2_view=core.DownloadItem&amp;g2_itemId=850&amp;g2_serialNumber=2\" alt=\"Lizas stuga och hennes systers familj\" width=\"320\" height=\"213\" \/><figcaption class=\"wp-caption-text\">Lizas stuga och hennes systers familj<\/figcaption><\/figure>\n<figure style=\"width: 320px\" class=\"wp-caption alignnone\"><img loading=\"lazy\" decoding=\"async\" title=\"Dorfgastein\" src=\"http:\/\/palo.se\/gallery\/main.php?g2_view=core.DownloadItem&amp;g2_itemId=853&amp;g2_serialNumber=2\" alt=\"Dorfgastein\" width=\"320\" height=\"213\" \/><figcaption class=\"wp-caption-text\">Dorfgastein<\/figcaption><\/figure>\n<figure style=\"width: 320px\" class=\"wp-caption alignnone\"><img loading=\"lazy\" decoding=\"async\" title=\"F\u00f6rsta vandringen p\u00e5 pappas rygg.\" src=\"http:\/\/palo.se\/gallery\/main.php?g2_view=core.DownloadItem&amp;g2_itemId=856&amp;g2_serialNumber=2\" alt=\"F\u00f6rsta vandringen p\u00e5 pappas rygg.\" width=\"320\" height=\"240\" \/><figcaption class=\"wp-caption-text\">F\u00f6rsta vandringen p\u00e5 pappas rygg.<\/figcaption><\/figure>\n<figure style=\"width: 213px\" class=\"wp-caption alignnone\"><img loading=\"lazy\" decoding=\"async\" title=\"Vybild\" src=\"http:\/\/palo.se\/gallery\/main.php?g2_view=core.DownloadItem&amp;g2_itemId=859&amp;g2_serialNumber=2\" alt=\"Vybild\" width=\"213\" height=\"230\" \/><figcaption class=\"wp-caption-text\">Vybild<\/figcaption><\/figure>\n<figure style=\"width: 320px\" class=\"wp-caption alignnone\"><img loading=\"lazy\" decoding=\"async\" title=\"Emmy sover\" src=\"http:\/\/palo.se\/gallery\/main.php?g2_view=core.DownloadItem&amp;g2_itemId=862&amp;g2_serialNumber=2\" alt=\"Emmy sover\" width=\"320\" height=\"240\" \/><figcaption class=\"wp-caption-text\">Emmy sover<\/figcaption><\/figure>\n<figure style=\"width: 320px\" class=\"wp-caption alignnone\"><img loading=\"lazy\" decoding=\"async\" title=\"Badgastein\" src=\"http:\/\/palo.se\/gallery\/main.php?g2_view=core.DownloadItem&amp;g2_itemId=865&amp;g2_serialNumber=2\" alt=\"Vattenfall i Badgastein\" width=\"320\" height=\"213\" \/><figcaption class=\"wp-caption-text\">Vattenfall i Badgastein<\/figcaption><\/figure>\n<figure style=\"width: 320px\" class=\"wp-caption alignnone\"><img loading=\"lazy\" decoding=\"async\" title=\"Fulsek\" src=\"http:\/\/palo.se\/gallery\/main.php?g2_view=core.DownloadItem&amp;g2_itemId=868&amp;g2_serialNumber=2\" alt=\"P\u00e5 v\u00e4g ner fr\u00e5n Fulsek, toppen ovanf\u00f6r Dorfgastein.\" width=\"320\" height=\"240\" \/><figcaption class=\"wp-caption-text\">P\u00e5 v\u00e4g ner fr\u00e5n Fulsek, toppen ovanf\u00f6r Dorfgastein.<\/figcaption><\/figure>\n<figure style=\"width: 320px\" class=\"wp-caption alignnone\"><img loading=\"lazy\" decoding=\"async\" title=\"Bad Hofgastein\" src=\"http:\/\/palo.se\/gallery\/main.php?g2_view=core.DownloadItem&amp;g2_itemId=871&amp;g2_serialNumber=2\" alt=\"Bild \u00f6ver Bad Hofgastein fr\u00e5n toppen av berget.\" width=\"320\" height=\"213\" \/><figcaption class=\"wp-caption-text\">Bild \u00f6ver Bad Hofgastein fr\u00e5n toppen av berget.<\/figcaption><\/figure>\n<figure style=\"width: 320px\" class=\"wp-caption alignnone\"><img loading=\"lazy\" decoding=\"async\" title=\"Bad Hofgastein\" src=\"http:\/\/palo.se\/gallery\/main.php?g2_view=core.DownloadItem&amp;g2_itemId=874&amp;g2_serialNumber=2\" alt=\"Fr\u00e5n toppen av denna togs f\u00f6reg\u00e5ende bild.\" width=\"320\" height=\"240\" \/><figcaption class=\"wp-caption-text\">Fr\u00e5n toppen av denna togs f\u00f6reg\u00e5ende bild.<\/figcaption><\/figure>\n<figure style=\"width: 320px\" class=\"wp-caption alignnone\"><img loading=\"lazy\" decoding=\"async\" title=\"Sportgastein\" src=\"http:\/\/palo.se\/gallery\/main.php?g2_view=core.DownloadItem&amp;g2_itemId=877&amp;g2_serialNumber=2\" alt=\"Vandring i Sportgastein.\" width=\"320\" height=\"213\" \/><figcaption class=\"wp-caption-text\">Vandring i Sportgastein.<\/figcaption><\/figure>\n<figure style=\"width: 320px\" class=\"wp-caption alignnone\"><img loading=\"lazy\" decoding=\"async\" title=\"Emmy springer i vattenspridaren.\" src=\"http:\/\/palo.se\/gallery\/main.php?g2_view=core.DownloadItem&amp;g2_itemId=880&amp;g2_serialNumber=2\" alt=\"Emmy springer i vattenspridaren.\" width=\"320\" height=\"213\" \/><figcaption class=\"wp-caption-text\">Emmy springer i vattenspridaren.<\/figcaption><\/figure>\n","protected":false},"excerpt":{"rendered":"","protected":false},"author":2,"featured_media":0,"comment_status":"open","ping_status":"open","sticky":false,"template":"","format":"standard","meta":{"footnotes":""},"categories":[1],"tags":[4,5],"class_list":["post-409","post","type-post","status-publish","format-standard","hentry","category-uncategorized","tag-bilder","tag-fritid"],"_links":{"self":[{"href":"http:\/\/palo.se\/blog\/index.php?rest_route=\/wp\/v2\/posts\/409","targetHints":{"allow":["GET"]}}],"collection":[{"href":"http:\/\/palo.se\/blog\/index.php?rest_route=\/wp\/v2\/posts"}],"about":[{"href":"http:\/\/palo.se\/blog\/index.php?rest_route=\/wp\/v2\/types\/post"}],"author":[{"embeddable":true,"href":"http:\/\/palo.se\/blog\/index.php?rest_route=\/wp\/v2\/users\/2"}],"replies":[{"embeddable":true,"href":"http:\/\/palo.se\/blog\/index.php?rest_route=%2Fwp%2Fv2%2Fcomments&post=409"}],"version-history":[{"count":1,"href":"http:\/\/palo.se\/blog\/index.php?rest_route=\/wp\/v2\/posts\/409\/revisions"}],"predecessor-version":[{"id":410,"href":"http:\/\/palo.se\/blog\/index.php?rest_route=\/wp\/v2\/posts\/409\/revisions\/410"}],"wp:attachment":[{"href":"http:\/\/palo.se\/blog\/index.php?rest_route=%2Fwp%2Fv2%2Fmedia&parent=409"}],"wp:term":[{"taxonomy":"category","embeddable":true,"href":"http:\/\/palo.se\/blog\/index.php?rest_route=%2Fwp%2Fv2%2Fcategories&post=409"},{"taxonomy":"post_tag","embeddable":true,"href":"http:\/\/palo.se\/blog\/index.php?rest_route=%2Fwp%2Fv2%2Ftags&post=409"}],"curies":[{"name":"wp","href":"https:\/\/api.w.org\/{rel}","templated":true}]}}