{"id":525,"date":"2011-06-17T23:17:46","date_gmt":"2011-06-17T22:17:46","guid":{"rendered":"http:\/\/palo.se\/blog\/?p=525"},"modified":"2025-06-24T16:15:56","modified_gmt":"2025-06-24T15:15:56","slug":"forsta-delen-av-resan-over-polen","status":"publish","type":"post","link":"http:\/\/palo.se\/blog\/?p=525","title":{"rendered":"F\u00f6rsta delen av resan \u00f6ver p\u00f6len"},"content":{"rendered":"<p>Jag sitter just nu i ett plan till St. Louis d\u00e4r jag ska p\u00e5 ett studiebes\u00f6k hos en tillverkare av t\u00e5gdelar. Annars.har jag hittills haft en riktigt bra resa, den b\u00f6rjade som planerat fr\u00e5n Lule\u00e5. Redan p\u00e5 Arlanda blev det b\u00e4ttre med en gratis uppgradering till b\u00e4ttre placering. Maten blev samma som de har i business, vilket betyder tre r\u00e4tter med \u00f6l och congac. Strax landning fick jag \u00e4ven sm\u00f6rebr\u00f6d och ytterligare en \u00f6l.<\/p>\n<p>V\u00e4l framme blev jag upph\u00e4mtad av en av br\u00f6derna jag bodde hos n\u00e4r jag var utbytesstudent. Vi \u00e5kte hem till honom f\u00f6r att senare dra iv\u00e4g till puben han jobbar p\u00e5 f\u00f6r att ta en \u00f6l och \u00e4ta lite mat. Senare p\u00e5 kv\u00e4llen m\u00f6tte vi upp Marge och Marty f\u00f6r middag. Det blev riktigt sent och jag var tr\u00f6tt efter resan.<\/p>\n<p>Ig\u00e5r var jag inne i Chicago och shoppade lite samt kollade p\u00e5 lite sev\u00e4rdheter. Jag mer eller mindre var ute och gick i 6 timmar. Det handlades en del presenter samt kl\u00e4der. Fram till att jag \u00e5ker vidare till Calgary p\u00e5 s\u00f6ndag hinner jag med att tr\u00e4ffa grandma Sallie och kolla runt efter mera prylar.<\/p>\n<p>Jag ska f\u00f6rs\u00f6ka skriva igen fr\u00e5n konferensen eller n\u00e4r jag \u00e4r tillbaka hemma.<\/p>\n","protected":false},"excerpt":{"rendered":"<p>Jag sitter just nu i ett plan till St. Louis d\u00e4r jag ska p\u00e5 ett studiebes\u00f6k hos en tillverkare av t\u00e5gdelar. Annars.har jag hittills haft en riktigt bra resa, den b\u00f6rjade som planerat fr\u00e5n Lule\u00e5. Redan p\u00e5 Arlanda blev det b\u00e4ttre med en gratis uppgradering till b\u00e4ttre placering. Maten blev samma som de har i &hellip; <a href=\"http:\/\/palo.se\/blog\/?p=525\" class=\"more-link\">Continue reading <span class=\"screen-reader-text\">F\u00f6rsta delen av resan \u00f6ver p\u00f6len<\/span> <span class=\"meta-nav\">&rarr;<\/span><\/a><\/p>\n","protected":false},"author":2,"featured_media":0,"comment_status":"closed","ping_status":"open","sticky":false,"template":"","format":"standard","meta":{"footnotes":""},"categories":[1],"tags":[23,40],"class_list":["post-525","post","type-post","status-publish","format-standard","hentry","category-uncategorized","tag-jobb","tag-phone"],"_links":{"self":[{"href":"http:\/\/palo.se\/blog\/index.php?rest_route=\/wp\/v2\/posts\/525","targetHints":{"allow":["GET"]}}],"collection":[{"href":"http:\/\/palo.se\/blog\/index.php?rest_route=\/wp\/v2\/posts"}],"about":[{"href":"http:\/\/palo.se\/blog\/index.php?rest_route=\/wp\/v2\/types\/post"}],"author":[{"embeddable":true,"href":"http:\/\/palo.se\/blog\/index.php?rest_route=\/wp\/v2\/users\/2"}],"replies":[{"embeddable":true,"href":"http:\/\/palo.se\/blog\/index.php?rest_route=%2Fwp%2Fv2%2Fcomments&post=525"}],"version-history":[{"count":1,"href":"http:\/\/palo.se\/blog\/index.php?rest_route=\/wp\/v2\/posts\/525\/revisions"}],"predecessor-version":[{"id":594,"href":"http:\/\/palo.se\/blog\/index.php?rest_route=\/wp\/v2\/posts\/525\/revisions\/594"}],"wp:attachment":[{"href":"http:\/\/palo.se\/blog\/index.php?rest_route=%2Fwp%2Fv2%2Fmedia&parent=525"}],"wp:term":[{"taxonomy":"category","embeddable":true,"href":"http:\/\/palo.se\/blog\/index.php?rest_route=%2Fwp%2Fv2%2Fcategories&post=525"},{"taxonomy":"post_tag","embeddable":true,"href":"http:\/\/palo.se\/blog\/index.php?rest_route=%2Fwp%2Fv2%2Ftags&post=525"}],"curies":[{"name":"wp","href":"https:\/\/api.w.org\/{rel}","templated":true}]}}