{"id":541,"date":"2013-09-08T10:21:00","date_gmt":"2013-09-08T09:21:00","guid":{"rendered":"http:\/\/palo.se\/blog\/?p=541"},"modified":"2025-06-24T16:15:29","modified_gmt":"2025-06-24T15:15:29","slug":"konferens-i-milano","status":"publish","type":"post","link":"http:\/\/palo.se\/blog\/?p=541","title":{"rendered":"Konferens i Milano"},"content":{"rendered":"<p>Sitter p\u00e5 f\u00f6rsta planet fr\u00e5n Lule\u00e5 mot Milano d\u00e4r jag ska presentera en artikel p\u00e5 en konferens i prognostic health monitoring. Med lite tur kommer jag f\u00e5 tid att se delar av staden under veckan. <\/p>\n<p>Jag har en del saker som m\u00e5ste g\u00f6ras klart om jag ska kunna f\u00e5 disputera innan jul. En artikel och sj\u00e4lva avhandlingen m\u00e5ste vara f\u00e4rdiga i b\u00f6rjan av oktober Oh det \u00e4r en hel del kvar att skriva och en del data att analysera. Jag k\u00e4nner att det \u00e4r helt klart m\u00f6jligt att bli klar med alla m\u00e5sten f\u00f6r att bli f\u00e4rdig och sedan kunna skaffa mig ett nytt jobb utanf\u00f6r universitet i Lule\u00e5. <\/p>\n<p>F\u00f6rst av allt dock m\u00e5ste jag bli f\u00e4rdig med en avhandling som jag kan st\u00e5 f\u00f6r och kan ge mig ett jobb som \u00e4r intressant.<\/p>\n","protected":false},"excerpt":{"rendered":"<p>Sitter p\u00e5 f\u00f6rsta planet fr\u00e5n Lule\u00e5 mot Milano d\u00e4r jag ska presentera en artikel p\u00e5 en konferens i prognostic health monitoring. Med lite tur kommer jag f\u00e5 tid att se delar av staden under veckan. Jag har en del saker som m\u00e5ste g\u00f6ras klart om jag ska kunna f\u00e5 disputera innan jul. En artikel och &hellip; <a href=\"http:\/\/palo.se\/blog\/?p=541\" class=\"more-link\">Continue reading <span class=\"screen-reader-text\">Konferens i Milano<\/span> <span class=\"meta-nav\">&rarr;<\/span><\/a><\/p>\n","protected":false},"author":1,"featured_media":0,"comment_status":"closed","ping_status":"open","sticky":false,"template":"","format":"standard","meta":{"footnotes":""},"categories":[1],"tags":[23,44],"class_list":["post-541","post","type-post","status-publish","format-standard","hentry","category-uncategorized","tag-jobb","tag-konferens"],"_links":{"self":[{"href":"http:\/\/palo.se\/blog\/index.php?rest_route=\/wp\/v2\/posts\/541","targetHints":{"allow":["GET"]}}],"collection":[{"href":"http:\/\/palo.se\/blog\/index.php?rest_route=\/wp\/v2\/posts"}],"about":[{"href":"http:\/\/palo.se\/blog\/index.php?rest_route=\/wp\/v2\/types\/post"}],"author":[{"embeddable":true,"href":"http:\/\/palo.se\/blog\/index.php?rest_route=\/wp\/v2\/users\/1"}],"replies":[{"embeddable":true,"href":"http:\/\/palo.se\/blog\/index.php?rest_route=%2Fwp%2Fv2%2Fcomments&post=541"}],"version-history":[{"count":1,"href":"http:\/\/palo.se\/blog\/index.php?rest_route=\/wp\/v2\/posts\/541\/revisions"}],"predecessor-version":[{"id":542,"href":"http:\/\/palo.se\/blog\/index.php?rest_route=\/wp\/v2\/posts\/541\/revisions\/542"}],"wp:attachment":[{"href":"http:\/\/palo.se\/blog\/index.php?rest_route=%2Fwp%2Fv2%2Fmedia&parent=541"}],"wp:term":[{"taxonomy":"category","embeddable":true,"href":"http:\/\/palo.se\/blog\/index.php?rest_route=%2Fwp%2Fv2%2Fcategories&post=541"},{"taxonomy":"post_tag","embeddable":true,"href":"http:\/\/palo.se\/blog\/index.php?rest_route=%2Fwp%2Fv2%2Ftags&post=541"}],"curies":[{"name":"wp","href":"https:\/\/api.w.org\/{rel}","templated":true}]}}