{"id":572,"date":"2014-11-30T09:41:39","date_gmt":"2014-11-30T08:41:39","guid":{"rendered":"http:\/\/palo.se\/blog\/?p=572"},"modified":"2025-06-24T16:15:29","modified_gmt":"2025-06-24T15:15:29","slug":"tva-veckor-avklarade","status":"publish","type":"post","link":"http:\/\/palo.se\/blog\/?p=572","title":{"rendered":"Tv\u00e5 veckor avklarade"},"content":{"rendered":"<p>Nu har jag jobbat i tv\u00e5 veckor p\u00e5 mitt nya jobb och tycker fortfarande att det \u00e4r grymt kul och intressant. F\u00f6r tillf\u00e4llet bor jag p\u00e5 ett B&#038;B,&nbsp; men ska imorgon flytta till en liten l\u00e4genhet i Bussnang. Det \u00e4r en enda flyttande mellan olika boenden f\u00f6r mig \u00e4n s\u00e5 l\u00e4nge och r\u00e4knar med att det kommer att forts\u00e4tta fram till att resten av familjen \u00e4r p\u00e5 plats. D\u00e5 ska vi ha ett boende som str\u00e4cker sig en l\u00e4ngre tidsperiod. <\/p>\n<p>Det har fortfarande inte kommit n\u00e5gon sn\u00f6 h\u00e4r, men de hotar med att det ska komma en del imorgon. Min f\u00f6rhoppning \u00e4r att det blir sn\u00f6 och inte en massa regn. Sen ska det \u00e4ven bli intressant att se hur bra och snabba de \u00e4r p\u00e5 att r\u00f6ja bort sn\u00f6n,&nbsp; och om jag har m\u00f6jlighet att forts\u00e4tta att cykla till jobbet eller om jag m\u00e5ste b\u00f6rja g\u00e5 igen. <\/p>\n<p>Denna helg har jag hittills varit i Z\u00fcrich p\u00e5 f\u00f6r att \u00e4ta lunch med en gammal kompis fr\u00e5n Lule\u00e5. Idag ser det ut som om att jag kommer att ta och cykla en tur f\u00f6r att kunna se s\u00e5 mycket som m\u00f6jligt. Det \u00e4r ju s\u00e5 att i Schweiz m\u00e5ste butiker och liknande h\u00e5lla st\u00e4ngt p\u00e5 s\u00f6ndagar.&nbsp; Det g\u00f6r att det \u00e4r lite skralt med saker att g\u00f6ra och man f\u00e5r se till att anv\u00e4nda de m\u00f6jligheter som finns tillg\u00e4ngliga. <\/p>\n<p>Imorgon ska det dock bli sk\u00f6nt att f\u00e5 m\u00f6jligheten att laga mat p\u00e5 egen hand och inte utnyttja restauranger eller f\u00e4rdig mat fr\u00e5n butiker. <\/p>\n<p>Vi ses igen n\u00e4sta helg f\u00f6r en ny rapport fr\u00e5n Schweiz.<\/p>\n","protected":false},"excerpt":{"rendered":"<p>Nu har jag jobbat i tv\u00e5 veckor p\u00e5 mitt nya jobb och tycker fortfarande att det \u00e4r grymt kul och intressant. F\u00f6r tillf\u00e4llet bor jag p\u00e5 ett B&#038;B,&nbsp; men ska imorgon flytta till en liten l\u00e4genhet i Bussnang. Det \u00e4r en enda flyttande mellan olika boenden f\u00f6r mig \u00e4n s\u00e5 l\u00e4nge och r\u00e4knar med att &hellip; <a href=\"http:\/\/palo.se\/blog\/?p=572\" class=\"more-link\">Continue reading <span class=\"screen-reader-text\">Tv\u00e5 veckor avklarade<\/span> <span class=\"meta-nav\">&rarr;<\/span><\/a><\/p>\n","protected":false},"author":1,"featured_media":0,"comment_status":"closed","ping_status":"open","sticky":false,"template":"","format":"standard","meta":{"footnotes":""},"categories":[1],"tags":[],"class_list":["post-572","post","type-post","status-publish","format-standard","hentry","category-uncategorized"],"_links":{"self":[{"href":"http:\/\/palo.se\/blog\/index.php?rest_route=\/wp\/v2\/posts\/572","targetHints":{"allow":["GET"]}}],"collection":[{"href":"http:\/\/palo.se\/blog\/index.php?rest_route=\/wp\/v2\/posts"}],"about":[{"href":"http:\/\/palo.se\/blog\/index.php?rest_route=\/wp\/v2\/types\/post"}],"author":[{"embeddable":true,"href":"http:\/\/palo.se\/blog\/index.php?rest_route=\/wp\/v2\/users\/1"}],"replies":[{"embeddable":true,"href":"http:\/\/palo.se\/blog\/index.php?rest_route=%2Fwp%2Fv2%2Fcomments&post=572"}],"version-history":[{"count":1,"href":"http:\/\/palo.se\/blog\/index.php?rest_route=\/wp\/v2\/posts\/572\/revisions"}],"predecessor-version":[{"id":573,"href":"http:\/\/palo.se\/blog\/index.php?rest_route=\/wp\/v2\/posts\/572\/revisions\/573"}],"wp:attachment":[{"href":"http:\/\/palo.se\/blog\/index.php?rest_route=%2Fwp%2Fv2%2Fmedia&parent=572"}],"wp:term":[{"taxonomy":"category","embeddable":true,"href":"http:\/\/palo.se\/blog\/index.php?rest_route=%2Fwp%2Fv2%2Fcategories&post=572"},{"taxonomy":"post_tag","embeddable":true,"href":"http:\/\/palo.se\/blog\/index.php?rest_route=%2Fwp%2Fv2%2Ftags&post=572"}],"curies":[{"name":"wp","href":"https:\/\/api.w.org\/{rel}","templated":true}]}}